{"id":5350,"date":"2019-10-02T17:57:37","date_gmt":"2019-10-02T15:57:37","guid":{"rendered":"https:\/\/www.brockhaus-technologies.com\/13-jahreskonferenz-ma-und-private-equity-2019-an-der-frankfurt-school-of-finance-management\/"},"modified":"2022-08-01T12:59:26","modified_gmt":"2022-08-01T10:59:26","slug":"13-jahreskonferenz-ma-und-private-equity-2019-an-der-frankfurt-school-of-finance-management","status":"publish","type":"post","link":"https:\/\/www.brockhaus-technologies.com\/en\/13-jahreskonferenz-ma-und-private-equity-2019-an-der-frankfurt-school-of-finance-management\/","title":{"rendered":"13. Jahreskonferenz \u201eM&#038;A und Private Equity 2019\u201c an der Frankfurt School of Finance &#038; Management"},"content":{"rendered":"\n<p>Der weltweite Markt f\u00fcr Unternehmenszusammenschl\u00fcsse und -\u00fcbernahmen hat sich in den vergangenen Jahren sehr positiv entwickelt. Wichtige Treiber waren die hohe Liquidit\u00e4t bei Corporates und Finanzinvestoren und die Motivation vieler Unternehmen, durch Transaktionen ihre Marktposition und ihre Innovationsf\u00e4higkeit zu st\u00e4rken. Angesichts zunehmender gesamtwirtschaftlicher und politischer Risiken und der sich abschw\u00e4chenden Dynamik bei Unternehmenstransaktionen fragen sich allerdings mehr und mehr Marktteilnehmer: Kommt die M&amp;A-Welle nun zu ihrem Ende?<\/p>\n\n\n\n<p>Vor diesem Hintergrund nahm Marco Brockhaus im Rahmen der diesj\u00e4hrigen \u201eM&amp;A und Private Equity\u201c-Konferenz an der Paneldiskussion teil. Gemeinsam mit Dr. Michael R. Drill (Vorstandsvorsitzender, Lincoln International), Gregor Harald May (Gesch\u00e4ftsf\u00fchrer, Harald Quandt Industriebeteiligungen) und Dr. Dominik Socher (Gesch\u00e4ftsf\u00fchrer, Serafin Unternehmensgruppe) wurden insbesondere die Unterschiede und Gemeinsamkeiten von PE-Investoren und Single Family Offices diskutiert.<\/p>\n\n\n\n<figure class=\"wp-block-image size-full\"><img fetchpriority=\"high\" decoding=\"async\" width=\"580\" height=\"386\" src=\"https:\/\/www.brockhaus-technologies.com\/wp-content\/uploads\/2021\/09\/191002-marco-brockhausma-und-private-equity-2019frankfurt-school-of-finance-management.jpg\" alt=\"191002 Marco Brockhaus \u201eM&amp;A und Private Equity 2019\u201c Frankfurt School of Finance &amp; Management\" class=\"wp-image-3828\" srcset=\"https:\/\/www.brockhaus-technologies.com\/wp-content\/uploads\/2021\/09\/191002-marco-brockhausma-und-private-equity-2019frankfurt-school-of-finance-management.jpg 580w, https:\/\/www.brockhaus-technologies.com\/wp-content\/uploads\/2021\/09\/191002-marco-brockhausma-und-private-equity-2019frankfurt-school-of-finance-management-300x200.jpg 300w\" sizes=\"(max-width: 580px) 100vw, 580px\" \/><\/figure>\n","protected":false},"excerpt":{"rendered":"<p>Der weltweite Markt f\u00fcr Unternehmenszusammenschl\u00fcsse und -\u00fcbernahmen hat sich in den vergangenen Jahren sehr positiv entwickelt. Wichtige Treiber waren die hohe Liquidit\u00e4t bei Corporates und Finanzinvestoren und die Motivation vieler Unternehmen, durch Transaktionen ihre Marktposition und ihre Innovationsf\u00e4higkeit zu st\u00e4rken. Angesichts zunehmender gesamtwirtschaftlicher und politischer Risiken und der sich abschw\u00e4chenden Dynamik bei Unternehmenstransaktionen fragen sich [&hellip;]<\/p>\n","protected":false},"author":3,"featured_media":5081,"comment_status":"closed","ping_status":"closed","sticky":false,"template":"","format":"standard","meta":{"_acf_changed":false,"_mo_disable_npp":"","footnotes":""},"categories":[26],"tags":[],"class_list":["post-5350","post","type-post","status-publish","format-standard","has-post-thumbnail","hentry","category-brockhaus-technologies-news-en"],"acf":[],"yoast_head":"<!-- This site is optimized with the Yoast SEO plugin v27.4 - https:\/\/yoast.com\/product\/yoast-seo-wordpress\/ -->\n<title>13. Jahreskonferenz \u201eM&amp;A und Private Equity 2019\u201c<\/title>\n<meta name=\"description\" content=\"CEO Marco Brockhaus nahm im Rahmen der diesj\u00e4hrigen \u201eM&amp;A und Private Equity\u201c-Konferenz an der Paneldiskussion teil.\" \/>\n<meta name=\"robots\" content=\"index, follow, max-snippet:-1, max-image-preview:large, max-video-preview:-1\" \/>\n<link rel=\"canonical\" href=\"https:\/\/www.brockhaus-technologies.com\/en\/13-jahreskonferenz-ma-und-private-equity-2019-an-der-frankfurt-school-of-finance-management\/\" \/>\n<meta property=\"og:locale\" content=\"en_US\" \/>\n<meta property=\"og:type\" content=\"article\" \/>\n<meta property=\"og:title\" content=\"13. Jahreskonferenz \u201eM&amp;A und Private Equity 2019\u201c\" \/>\n<meta property=\"og:description\" content=\"CEO Marco Brockhaus nahm im Rahmen der diesj\u00e4hrigen \u201eM&amp;A und Private Equity\u201c-Konferenz an der Paneldiskussion teil.\" \/>\n<meta property=\"og:url\" content=\"https:\/\/www.brockhaus-technologies.com\/en\/13-jahreskonferenz-ma-und-private-equity-2019-an-der-frankfurt-school-of-finance-management\/\" \/>\n<meta property=\"og:site_name\" content=\"Brockhaus Technologies\" \/>\n<meta property=\"article:published_time\" content=\"2019-10-02T15:57:37+00:00\" \/>\n<meta property=\"article:modified_time\" content=\"2022-08-01T10:59:26+00:00\" \/>\n<meta property=\"og:image\" content=\"https:\/\/www.brockhaus-technologies.com\/wp-content\/uploads\/2021\/07\/large-Featured-image-bcm-technologies.jpg\" \/>\n\t<meta property=\"og:image:width\" content=\"1000\" \/>\n\t<meta property=\"og:image:height\" content=\"353\" \/>\n\t<meta property=\"og:image:type\" content=\"image\/jpeg\" \/>\n<meta name=\"author\" content=\"admin\" \/>\n<meta name=\"twitter:card\" content=\"summary_large_image\" \/>\n<meta name=\"twitter:label1\" content=\"Written by\" \/>\n\t<meta name=\"twitter:data1\" content=\"admin\" \/>\n\t<meta name=\"twitter:label2\" content=\"Est. reading time\" \/>\n\t<meta name=\"twitter:data2\" content=\"1 minute\" \/>\n<script type=\"application\/ld+json\" class=\"yoast-schema-graph\">{\"@context\":\"https:\\\/\\\/schema.org\",\"@graph\":[{\"@type\":\"Article\",\"@id\":\"https:\\\/\\\/www.brockhaus-technologies.com\\\/en\\\/13-jahreskonferenz-ma-und-private-equity-2019-an-der-frankfurt-school-of-finance-management\\\/#article\",\"isPartOf\":{\"@id\":\"https:\\\/\\\/www.brockhaus-technologies.com\\\/en\\\/13-jahreskonferenz-ma-und-private-equity-2019-an-der-frankfurt-school-of-finance-management\\\/\"},\"author\":{\"name\":\"admin\",\"@id\":\"https:\\\/\\\/www.brockhaus-technologies.com\\\/de\\\/#\\\/schema\\\/person\\\/e5917237de36cb25841ae7d6412e0759\"},\"headline\":\"13. Jahreskonferenz \u201eM&#038;A und Private Equity 2019\u201c an der Frankfurt School of Finance &#038; Management\",\"datePublished\":\"2019-10-02T15:57:37+00:00\",\"dateModified\":\"2022-08-01T10:59:26+00:00\",\"mainEntityOfPage\":{\"@id\":\"https:\\\/\\\/www.brockhaus-technologies.com\\\/en\\\/13-jahreskonferenz-ma-und-private-equity-2019-an-der-frankfurt-school-of-finance-management\\\/\"},\"wordCount\":151,\"image\":{\"@id\":\"https:\\\/\\\/www.brockhaus-technologies.com\\\/en\\\/13-jahreskonferenz-ma-und-private-equity-2019-an-der-frankfurt-school-of-finance-management\\\/#primaryimage\"},\"thumbnailUrl\":\"https:\\\/\\\/www.brockhaus-technologies.com\\\/wp-content\\\/uploads\\\/2021\\\/07\\\/large-Featured-image-bcm-technologies.jpg\",\"articleSection\":[\"Brockhaus Technologies\"],\"inLanguage\":\"en-US\"},{\"@type\":\"WebPage\",\"@id\":\"https:\\\/\\\/www.brockhaus-technologies.com\\\/en\\\/13-jahreskonferenz-ma-und-private-equity-2019-an-der-frankfurt-school-of-finance-management\\\/\",\"url\":\"https:\\\/\\\/www.brockhaus-technologies.com\\\/en\\\/13-jahreskonferenz-ma-und-private-equity-2019-an-der-frankfurt-school-of-finance-management\\\/\",\"name\":\"13. Jahreskonferenz \u201eM&A und Private Equity 2019\u201c\",\"isPartOf\":{\"@id\":\"https:\\\/\\\/www.brockhaus-technologies.com\\\/de\\\/#website\"},\"primaryImageOfPage\":{\"@id\":\"https:\\\/\\\/www.brockhaus-technologies.com\\\/en\\\/13-jahreskonferenz-ma-und-private-equity-2019-an-der-frankfurt-school-of-finance-management\\\/#primaryimage\"},\"image\":{\"@id\":\"https:\\\/\\\/www.brockhaus-technologies.com\\\/en\\\/13-jahreskonferenz-ma-und-private-equity-2019-an-der-frankfurt-school-of-finance-management\\\/#primaryimage\"},\"thumbnailUrl\":\"https:\\\/\\\/www.brockhaus-technologies.com\\\/wp-content\\\/uploads\\\/2021\\\/07\\\/large-Featured-image-bcm-technologies.jpg\",\"datePublished\":\"2019-10-02T15:57:37+00:00\",\"dateModified\":\"2022-08-01T10:59:26+00:00\",\"author\":{\"@id\":\"https:\\\/\\\/www.brockhaus-technologies.com\\\/de\\\/#\\\/schema\\\/person\\\/e5917237de36cb25841ae7d6412e0759\"},\"description\":\"CEO Marco Brockhaus nahm im Rahmen der diesj\u00e4hrigen \u201eM&A und Private Equity\u201c-Konferenz an der Paneldiskussion teil.\",\"breadcrumb\":{\"@id\":\"https:\\\/\\\/www.brockhaus-technologies.com\\\/en\\\/13-jahreskonferenz-ma-und-private-equity-2019-an-der-frankfurt-school-of-finance-management\\\/#breadcrumb\"},\"inLanguage\":\"en-US\",\"potentialAction\":[{\"@type\":\"ReadAction\",\"target\":[\"https:\\\/\\\/www.brockhaus-technologies.com\\\/en\\\/13-jahreskonferenz-ma-und-private-equity-2019-an-der-frankfurt-school-of-finance-management\\\/\"]}]},{\"@type\":\"ImageObject\",\"inLanguage\":\"en-US\",\"@id\":\"https:\\\/\\\/www.brockhaus-technologies.com\\\/en\\\/13-jahreskonferenz-ma-und-private-equity-2019-an-der-frankfurt-school-of-finance-management\\\/#primaryimage\",\"url\":\"https:\\\/\\\/www.brockhaus-technologies.com\\\/wp-content\\\/uploads\\\/2021\\\/07\\\/large-Featured-image-bcm-technologies.jpg\",\"contentUrl\":\"https:\\\/\\\/www.brockhaus-technologies.com\\\/wp-content\\\/uploads\\\/2021\\\/07\\\/large-Featured-image-bcm-technologies.jpg\",\"width\":1000,\"height\":353,\"caption\":\"Ausblick aus dem Brockhaus Technologies B\u00fcro, Ansicht der Frankfurter Skyline\"},{\"@type\":\"BreadcrumbList\",\"@id\":\"https:\\\/\\\/www.brockhaus-technologies.com\\\/en\\\/13-jahreskonferenz-ma-und-private-equity-2019-an-der-frankfurt-school-of-finance-management\\\/#breadcrumb\",\"itemListElement\":[{\"@type\":\"ListItem\",\"position\":1,\"name\":\"Startseite\",\"item\":\"https:\\\/\\\/www.brockhaus-technologies.com\\\/de\\\/\"},{\"@type\":\"ListItem\",\"position\":2,\"name\":\"13. Jahreskonferenz \u201eM&#038;A und Private Equity 2019\u201c an der Frankfurt School of Finance &#038; Management\"}]},{\"@type\":\"WebSite\",\"@id\":\"https:\\\/\\\/www.brockhaus-technologies.com\\\/de\\\/#website\",\"url\":\"https:\\\/\\\/www.brockhaus-technologies.com\\\/de\\\/\",\"name\":\"Brockhaus Technologies\",\"description\":\"Wir akquirieren Innovations- und Technologief\u00fchrer aus dem deutschen Mittelstand\",\"potentialAction\":[{\"@type\":\"SearchAction\",\"target\":{\"@type\":\"EntryPoint\",\"urlTemplate\":\"https:\\\/\\\/www.brockhaus-technologies.com\\\/de\\\/?s={search_term_string}\"},\"query-input\":{\"@type\":\"PropertyValueSpecification\",\"valueRequired\":true,\"valueName\":\"search_term_string\"}}],\"inLanguage\":\"en-US\"},{\"@type\":\"Person\",\"@id\":\"https:\\\/\\\/www.brockhaus-technologies.com\\\/de\\\/#\\\/schema\\\/person\\\/e5917237de36cb25841ae7d6412e0759\",\"name\":\"admin\",\"image\":{\"@type\":\"ImageObject\",\"inLanguage\":\"en-US\",\"@id\":\"https:\\\/\\\/secure.gravatar.com\\\/avatar\\\/c4ec0251358adbed6742adf2540071dfcf655995b006617cc8018a9a959c1e32?s=96&d=mm&r=g\",\"url\":\"https:\\\/\\\/secure.gravatar.com\\\/avatar\\\/c4ec0251358adbed6742adf2540071dfcf655995b006617cc8018a9a959c1e32?s=96&d=mm&r=g\",\"contentUrl\":\"https:\\\/\\\/secure.gravatar.com\\\/avatar\\\/c4ec0251358adbed6742adf2540071dfcf655995b006617cc8018a9a959c1e32?s=96&d=mm&r=g\",\"caption\":\"admin\"},\"sameAs\":[\"https:\\\/\\\/www.brockhaus-technologies.com\"],\"url\":\"https:\\\/\\\/www.brockhaus-technologies.com\\\/en\\\/author\\\/hallotheo\\\/\"}]}<\/script>\n<!-- \/ Yoast SEO plugin. -->","yoast_head_json":{"title":"13. Jahreskonferenz \u201eM&A und Private Equity 2019\u201c","description":"CEO Marco Brockhaus nahm im Rahmen der diesj\u00e4hrigen \u201eM&A und Private Equity\u201c-Konferenz an der Paneldiskussion teil.","robots":{"index":"index","follow":"follow","max-snippet":"max-snippet:-1","max-image-preview":"max-image-preview:large","max-video-preview":"max-video-preview:-1"},"canonical":"https:\/\/www.brockhaus-technologies.com\/en\/13-jahreskonferenz-ma-und-private-equity-2019-an-der-frankfurt-school-of-finance-management\/","og_locale":"en_US","og_type":"article","og_title":"13. Jahreskonferenz \u201eM&A und Private Equity 2019\u201c","og_description":"CEO Marco Brockhaus nahm im Rahmen der diesj\u00e4hrigen \u201eM&A und Private Equity\u201c-Konferenz an der Paneldiskussion teil.","og_url":"https:\/\/www.brockhaus-technologies.com\/en\/13-jahreskonferenz-ma-und-private-equity-2019-an-der-frankfurt-school-of-finance-management\/","og_site_name":"Brockhaus Technologies","article_published_time":"2019-10-02T15:57:37+00:00","article_modified_time":"2022-08-01T10:59:26+00:00","og_image":[{"width":1000,"height":353,"url":"https:\/\/www.brockhaus-technologies.com\/wp-content\/uploads\/2021\/07\/large-Featured-image-bcm-technologies.jpg","type":"image\/jpeg"}],"author":"admin","twitter_card":"summary_large_image","twitter_misc":{"Written by":"admin","Est. reading time":"1 minute"},"schema":{"@context":"https:\/\/schema.org","@graph":[{"@type":"Article","@id":"https:\/\/www.brockhaus-technologies.com\/en\/13-jahreskonferenz-ma-und-private-equity-2019-an-der-frankfurt-school-of-finance-management\/#article","isPartOf":{"@id":"https:\/\/www.brockhaus-technologies.com\/en\/13-jahreskonferenz-ma-und-private-equity-2019-an-der-frankfurt-school-of-finance-management\/"},"author":{"name":"admin","@id":"https:\/\/www.brockhaus-technologies.com\/de\/#\/schema\/person\/e5917237de36cb25841ae7d6412e0759"},"headline":"13. Jahreskonferenz \u201eM&#038;A und Private Equity 2019\u201c an der Frankfurt School of Finance &#038; Management","datePublished":"2019-10-02T15:57:37+00:00","dateModified":"2022-08-01T10:59:26+00:00","mainEntityOfPage":{"@id":"https:\/\/www.brockhaus-technologies.com\/en\/13-jahreskonferenz-ma-und-private-equity-2019-an-der-frankfurt-school-of-finance-management\/"},"wordCount":151,"image":{"@id":"https:\/\/www.brockhaus-technologies.com\/en\/13-jahreskonferenz-ma-und-private-equity-2019-an-der-frankfurt-school-of-finance-management\/#primaryimage"},"thumbnailUrl":"https:\/\/www.brockhaus-technologies.com\/wp-content\/uploads\/2021\/07\/large-Featured-image-bcm-technologies.jpg","articleSection":["Brockhaus Technologies"],"inLanguage":"en-US"},{"@type":"WebPage","@id":"https:\/\/www.brockhaus-technologies.com\/en\/13-jahreskonferenz-ma-und-private-equity-2019-an-der-frankfurt-school-of-finance-management\/","url":"https:\/\/www.brockhaus-technologies.com\/en\/13-jahreskonferenz-ma-und-private-equity-2019-an-der-frankfurt-school-of-finance-management\/","name":"13. Jahreskonferenz \u201eM&A und Private Equity 2019\u201c","isPartOf":{"@id":"https:\/\/www.brockhaus-technologies.com\/de\/#website"},"primaryImageOfPage":{"@id":"https:\/\/www.brockhaus-technologies.com\/en\/13-jahreskonferenz-ma-und-private-equity-2019-an-der-frankfurt-school-of-finance-management\/#primaryimage"},"image":{"@id":"https:\/\/www.brockhaus-technologies.com\/en\/13-jahreskonferenz-ma-und-private-equity-2019-an-der-frankfurt-school-of-finance-management\/#primaryimage"},"thumbnailUrl":"https:\/\/www.brockhaus-technologies.com\/wp-content\/uploads\/2021\/07\/large-Featured-image-bcm-technologies.jpg","datePublished":"2019-10-02T15:57:37+00:00","dateModified":"2022-08-01T10:59:26+00:00","author":{"@id":"https:\/\/www.brockhaus-technologies.com\/de\/#\/schema\/person\/e5917237de36cb25841ae7d6412e0759"},"description":"CEO Marco Brockhaus nahm im Rahmen der diesj\u00e4hrigen \u201eM&A und Private Equity\u201c-Konferenz an der Paneldiskussion teil.","breadcrumb":{"@id":"https:\/\/www.brockhaus-technologies.com\/en\/13-jahreskonferenz-ma-und-private-equity-2019-an-der-frankfurt-school-of-finance-management\/#breadcrumb"},"inLanguage":"en-US","potentialAction":[{"@type":"ReadAction","target":["https:\/\/www.brockhaus-technologies.com\/en\/13-jahreskonferenz-ma-und-private-equity-2019-an-der-frankfurt-school-of-finance-management\/"]}]},{"@type":"ImageObject","inLanguage":"en-US","@id":"https:\/\/www.brockhaus-technologies.com\/en\/13-jahreskonferenz-ma-und-private-equity-2019-an-der-frankfurt-school-of-finance-management\/#primaryimage","url":"https:\/\/www.brockhaus-technologies.com\/wp-content\/uploads\/2021\/07\/large-Featured-image-bcm-technologies.jpg","contentUrl":"https:\/\/www.brockhaus-technologies.com\/wp-content\/uploads\/2021\/07\/large-Featured-image-bcm-technologies.jpg","width":1000,"height":353,"caption":"Ausblick aus dem Brockhaus Technologies B\u00fcro, Ansicht der Frankfurter Skyline"},{"@type":"BreadcrumbList","@id":"https:\/\/www.brockhaus-technologies.com\/en\/13-jahreskonferenz-ma-und-private-equity-2019-an-der-frankfurt-school-of-finance-management\/#breadcrumb","itemListElement":[{"@type":"ListItem","position":1,"name":"Startseite","item":"https:\/\/www.brockhaus-technologies.com\/de\/"},{"@type":"ListItem","position":2,"name":"13. Jahreskonferenz \u201eM&#038;A und Private Equity 2019\u201c an der Frankfurt School of Finance &#038; Management"}]},{"@type":"WebSite","@id":"https:\/\/www.brockhaus-technologies.com\/de\/#website","url":"https:\/\/www.brockhaus-technologies.com\/de\/","name":"Brockhaus Technologies","description":"Wir akquirieren Innovations- und Technologief\u00fchrer aus dem deutschen Mittelstand","potentialAction":[{"@type":"SearchAction","target":{"@type":"EntryPoint","urlTemplate":"https:\/\/www.brockhaus-technologies.com\/de\/?s={search_term_string}"},"query-input":{"@type":"PropertyValueSpecification","valueRequired":true,"valueName":"search_term_string"}}],"inLanguage":"en-US"},{"@type":"Person","@id":"https:\/\/www.brockhaus-technologies.com\/de\/#\/schema\/person\/e5917237de36cb25841ae7d6412e0759","name":"admin","image":{"@type":"ImageObject","inLanguage":"en-US","@id":"https:\/\/secure.gravatar.com\/avatar\/c4ec0251358adbed6742adf2540071dfcf655995b006617cc8018a9a959c1e32?s=96&d=mm&r=g","url":"https:\/\/secure.gravatar.com\/avatar\/c4ec0251358adbed6742adf2540071dfcf655995b006617cc8018a9a959c1e32?s=96&d=mm&r=g","contentUrl":"https:\/\/secure.gravatar.com\/avatar\/c4ec0251358adbed6742adf2540071dfcf655995b006617cc8018a9a959c1e32?s=96&d=mm&r=g","caption":"admin"},"sameAs":["https:\/\/www.brockhaus-technologies.com"],"url":"https:\/\/www.brockhaus-technologies.com\/en\/author\/hallotheo\/"}]}},"_links":{"self":[{"href":"https:\/\/www.brockhaus-technologies.com\/en\/wp-json\/wp\/v2\/posts\/5350","targetHints":{"allow":["GET"]}}],"collection":[{"href":"https:\/\/www.brockhaus-technologies.com\/en\/wp-json\/wp\/v2\/posts"}],"about":[{"href":"https:\/\/www.brockhaus-technologies.com\/en\/wp-json\/wp\/v2\/types\/post"}],"author":[{"embeddable":true,"href":"https:\/\/www.brockhaus-technologies.com\/en\/wp-json\/wp\/v2\/users\/3"}],"replies":[{"embeddable":true,"href":"https:\/\/www.brockhaus-technologies.com\/en\/wp-json\/wp\/v2\/comments?post=5350"}],"version-history":[{"count":1,"href":"https:\/\/www.brockhaus-technologies.com\/en\/wp-json\/wp\/v2\/posts\/5350\/revisions"}],"predecessor-version":[{"id":12913,"href":"https:\/\/www.brockhaus-technologies.com\/en\/wp-json\/wp\/v2\/posts\/5350\/revisions\/12913"}],"wp:featuredmedia":[{"embeddable":true,"href":"https:\/\/www.brockhaus-technologies.com\/en\/wp-json\/wp\/v2\/media\/5081"}],"wp:attachment":[{"href":"https:\/\/www.brockhaus-technologies.com\/en\/wp-json\/wp\/v2\/media?parent=5350"}],"wp:term":[{"taxonomy":"category","embeddable":true,"href":"https:\/\/www.brockhaus-technologies.com\/en\/wp-json\/wp\/v2\/categories?post=5350"},{"taxonomy":"post_tag","embeddable":true,"href":"https:\/\/www.brockhaus-technologies.com\/en\/wp-json\/wp\/v2\/tags?post=5350"}],"curies":[{"name":"wp","href":"https:\/\/api.w.org\/{rel}","templated":true}]}}