{"id":13762,"date":"2022-08-15T05:00:22","date_gmt":"2022-08-15T03:00:22","guid":{"rendered":"https:\/\/www.brockhaus-technologies.com\/?p=13762"},"modified":"2022-08-17T23:23:56","modified_gmt":"2022-08-17T21:23:56","slug":"baden-wurttemberg-dienstrader-fur-tarifgebundene-metall-und-elektrobetriebe","status":"publish","type":"post","link":"https:\/\/www.brockhaus-technologies.com\/de\/baden-wurttemberg-dienstrader-fur-tarifgebundene-metall-und-elektrobetriebe\/","title":{"rendered":"Dienstr\u00e4der f\u00fcr tarifgebundene Metall- und Elektrobetriebe"},"content":{"rendered":"\n<p>Neuer Durchbruch f\u00fcr gesunde und nachhaltige Mobilit\u00e4t: Seit dem 1. Mai 2022 d\u00fcrfen in Baden-W\u00fcrttemberg auch tarifgebundene Metall- und Elektrobetriebe ihren Besch\u00e4ftigten Dienstrad-Leasing per Gehaltsumwandlung anbieten. M\u00f6glich macht das ein entsprechender Tarifvertrag zwischen IG Metall und dem Verband der Metall- und Elektroindustrie Baden-W\u00fcrttemberg e. V. (S\u00fcdwestmetall). Seit dem 16. Juli 2022 k\u00f6nnen auch viele tarifgebundene Unternehmen der Metall- und Elektroindustrie in Bremen, Hamburg, Mecklenburg-Vorpommern, Schleswig-Holstein und im nordwestlichen Niedersachsen ihren rund 130.000 Besch\u00e4ftigten die M\u00f6glichkeit bieten, ein Dienstfahrrad durch Gehaltsumwandlung zu leasen. Darauf haben sich die IG Metall K\u00fcste und der Arbeitgeberverband Nordmetall geeinigt. F\u00fcr Bikeleasing bedeutet diese Entscheidung ein enormes Neukundenpotential.<\/p>\n\n\n\n<p style=\"font-size:18px\"><strong>Metall- &amp; Elektroindustrie Baden-W\u00fcrttemberg: Tarifvertrag erlaubt Dienstrad-Leasing<\/strong><\/p>\n\n\n\n<p>Mit mehr als einer Million Mitarbeitern in rund 5.000 Betrieben gilt die Metall- und Elektro-Industrie als Schl\u00fcsselbranche in Baden-W\u00fcrttemberg. Tarifgebundene Arbeitnehmer und Arbeitgeber dieser Branche konnten in Baden-W\u00fcrttemberg jedoch bisher nicht von den Vorteilen des Dienstrad-Leasings profitieren. Das hat sich nun ge\u00e4ndert: Zum 1. Mai 2022 ist ein Tarifvertrag zwischen der IG Metall Baden-W\u00fcrttemberg und dem Verband der Metall- und Elektroindustrie Baden-W\u00fcrttemberg e.V. (S\u00fcdwestmetall) in Kraft getreten, der es generell auch Unternehmen mit Tarifbindung erlaubt, Dienstrad-Leasing per Gehaltsumwandlung anzubieten. Voraussetzung f\u00fcr die Umsetzung in den jeweiligen Unternehmen ist, dass Arbeitgeber und Betriebsrat sich in einer freiwilligen Vereinbarung darauf verst\u00e4ndigen, dass den Besch\u00e4ftigten die M\u00f6glichkeit des Dienstrad-Leasings per Gehaltsumwandlung angeboten werden darf.<\/p>\n\n\n\n<p style=\"font-size:18px\"><strong>Enormes Neukundenpotential f\u00fcr Bikeleasing<\/strong><\/p>\n\n\n\n<p>F\u00fcr Bikeleasing bedeutet diese Neuerung ein enormes Neukundenpotential, denn Interessenten aus Unternehmen mit Tarifbindung hatten bisher keine M\u00f6glichkeit, die Vorteile des Dienstrad-Leasings zu nutzen. Angesichts der aktuellen Entwicklungen werden tarifgebundene Metall- und Elektrobetriebe aus Baden-W\u00fcrttemberg, die bereits bei Bikeleasing angefragt hatten, nun erneut kontaktiert und auf Wunsch bei der Einf\u00fchrung des Dienstrad-Modells unterst\u00fctzt. Gut f\u00fcr die Unternehmen und Bikeleasing, denn es ist zu erwarten, dass in diesem Zuge die Zahl der Bikeleasing-Kunden und Dienstradnutzer noch einmal kr\u00e4ftig w\u00e4chst.&nbsp;<\/p>\n\n\n\n<p>Bikeleasing-Pressesprecherin Luisa Weckesser begr\u00fc\u00dft die Entscheidung der Tarifparteien: \u201eWir als Dienstradanbieter freuen uns, dass der Tarifvertrag f\u00fcr die Besch\u00e4ftigten die M\u00f6glichkeit er\u00f6ffnet, mit dem Dienstfahrrad eine nachhaltige und gesunde Alternative zum Dienstwagen zu nutzen. Daher unterst\u00fctzen wir diese Entscheidung ausdr\u00fccklich und erm\u00f6glichen allen interessierten Betrieben eine unkomplizierte und zuverl\u00e4ssige Abwicklung\u201c.<\/p>\n\n\n\n<p><img fetchpriority=\"high\" decoding=\"async\" alt=\"Ein Bild, das drau\u00dfen, Fahrrad, Himmel, fahrend enth\u00e4lt.\n\nAutomatisch generierte Beschreibung\" src=\"https:\/\/lh4.googleusercontent.com\/ZipR4M_h30eHmdDJiefdpnmzu0BD-zcu1vFLFLYk1yGmk6AkWxNWxEmqB8TEB8-N81Oaf3sgEmZTi0dR34vXhC_PHgZ2ihoCS40qB1xk67fG7aZKe7UFrTJhzam0fKXmyMvlT0s9-TocgKiUQwzrskkSIRaSyNuJ\" width=\"505\" height=\"356\"><\/p>\n","protected":false},"excerpt":{"rendered":"<p>Neuer Durchbruch f\u00fcr gesunde und nachhaltige Mobilit\u00e4t: Seit dem 1. Mai 2022 d\u00fcrfen in Baden-W\u00fcrttemberg auch tarifgebundene Metall- und Elektrobetriebe ihren Besch\u00e4ftigten Dienstrad-Leasing per Gehaltsumwandlung anbieten. M\u00f6glich macht das ein entsprechender Tarifvertrag zwischen IG Metall und dem Verband der Metall- und Elektroindustrie Baden-W\u00fcrttemberg e. V. (S\u00fcdwestmetall). Seit dem 16. Juli 2022 k\u00f6nnen auch viele tarifgebundene [&hellip;]<\/p>\n","protected":false},"author":2,"featured_media":13765,"comment_status":"closed","ping_status":"closed","sticky":false,"template":"","format":"standard","meta":{"_acf_changed":false,"_mo_disable_npp":"","footnotes":""},"categories":[39],"tags":[],"class_list":["post-13762","post","type-post","status-publish","format-standard","has-post-thumbnail","hentry","category-bikeleasing"],"acf":[],"yoast_head":"<!-- This site is optimized with the Yoast SEO plugin v27.4 - https:\/\/yoast.com\/product\/yoast-seo-wordpress\/ -->\n<title>Dienstr\u00e4der f\u00fcr tarifgebundene Metall- und Elektrobetriebe - Brockhaus Technologies<\/title>\n<meta name=\"robots\" content=\"index, follow, max-snippet:-1, max-image-preview:large, max-video-preview:-1\" \/>\n<link rel=\"canonical\" href=\"https:\/\/www.brockhaus-technologies.com\/de\/baden-wurttemberg-dienstrader-fur-tarifgebundene-metall-und-elektrobetriebe\/\" \/>\n<meta property=\"og:locale\" content=\"de_DE\" \/>\n<meta property=\"og:type\" content=\"article\" \/>\n<meta property=\"og:title\" content=\"Dienstr\u00e4der f\u00fcr tarifgebundene Metall- und Elektrobetriebe - Brockhaus Technologies\" \/>\n<meta property=\"og:description\" content=\"Neuer Durchbruch f\u00fcr gesunde und nachhaltige Mobilit\u00e4t: Seit dem 1. Mai 2022 d\u00fcrfen in Baden-W\u00fcrttemberg auch tarifgebundene Metall- und Elektrobetriebe ihren Besch\u00e4ftigten Dienstrad-Leasing per Gehaltsumwandlung anbieten. M\u00f6glich macht das ein entsprechender Tarifvertrag zwischen IG Metall und dem Verband der Metall- und Elektroindustrie Baden-W\u00fcrttemberg e. V. (S\u00fcdwestmetall). Seit dem 16. Juli 2022 k\u00f6nnen auch viele tarifgebundene [&hellip;]\" \/>\n<meta property=\"og:url\" content=\"https:\/\/www.brockhaus-technologies.com\/de\/baden-wurttemberg-dienstrader-fur-tarifgebundene-metall-und-elektrobetriebe\/\" \/>\n<meta property=\"og:site_name\" content=\"Brockhaus Technologies\" \/>\n<meta property=\"article:published_time\" content=\"2022-08-15T03:00:22+00:00\" \/>\n<meta property=\"article:modified_time\" content=\"2022-08-17T21:23:56+00:00\" \/>\n<meta property=\"og:image\" content=\"https:\/\/www.brockhaus-technologies.com\/wp-content\/uploads\/2022\/08\/bikeleasing.jpg\" \/>\n\t<meta property=\"og:image:width\" content=\"1000\" \/>\n\t<meta property=\"og:image:height\" content=\"350\" \/>\n\t<meta property=\"og:image:type\" content=\"image\/jpeg\" \/>\n<meta name=\"author\" content=\"Uli\" \/>\n<meta name=\"twitter:card\" content=\"summary_large_image\" \/>\n<meta name=\"twitter:label1\" content=\"Verfasst von\" \/>\n\t<meta name=\"twitter:data1\" content=\"Uli\" \/>\n\t<meta name=\"twitter:label2\" content=\"Gesch\u00e4tzte Lesezeit\" \/>\n\t<meta name=\"twitter:data2\" content=\"2\u00a0Minuten\" \/>\n<script type=\"application\/ld+json\" class=\"yoast-schema-graph\">{\"@context\":\"https:\\\/\\\/schema.org\",\"@graph\":[{\"@type\":\"Article\",\"@id\":\"https:\\\/\\\/www.brockhaus-technologies.com\\\/de\\\/baden-wurttemberg-dienstrader-fur-tarifgebundene-metall-und-elektrobetriebe\\\/#article\",\"isPartOf\":{\"@id\":\"https:\\\/\\\/www.brockhaus-technologies.com\\\/de\\\/baden-wurttemberg-dienstrader-fur-tarifgebundene-metall-und-elektrobetriebe\\\/\"},\"author\":{\"name\":\"Uli\",\"@id\":\"https:\\\/\\\/www.brockhaus-technologies.com\\\/de\\\/#\\\/schema\\\/person\\\/6458af00a350edd208e742fccefc8007\"},\"headline\":\"Dienstr\u00e4der f\u00fcr tarifgebundene Metall- und Elektrobetriebe\",\"datePublished\":\"2022-08-15T03:00:22+00:00\",\"dateModified\":\"2022-08-17T21:23:56+00:00\",\"mainEntityOfPage\":{\"@id\":\"https:\\\/\\\/www.brockhaus-technologies.com\\\/de\\\/baden-wurttemberg-dienstrader-fur-tarifgebundene-metall-und-elektrobetriebe\\\/\"},\"wordCount\":397,\"image\":{\"@id\":\"https:\\\/\\\/www.brockhaus-technologies.com\\\/de\\\/baden-wurttemberg-dienstrader-fur-tarifgebundene-metall-und-elektrobetriebe\\\/#primaryimage\"},\"thumbnailUrl\":\"https:\\\/\\\/www.brockhaus-technologies.com\\\/wp-content\\\/uploads\\\/2022\\\/08\\\/bikeleasing.jpg\",\"articleSection\":[\"Bikeleasing\"],\"inLanguage\":\"de\"},{\"@type\":\"WebPage\",\"@id\":\"https:\\\/\\\/www.brockhaus-technologies.com\\\/de\\\/baden-wurttemberg-dienstrader-fur-tarifgebundene-metall-und-elektrobetriebe\\\/\",\"url\":\"https:\\\/\\\/www.brockhaus-technologies.com\\\/de\\\/baden-wurttemberg-dienstrader-fur-tarifgebundene-metall-und-elektrobetriebe\\\/\",\"name\":\"Dienstr\u00e4der f\u00fcr tarifgebundene Metall- und Elektrobetriebe - Brockhaus Technologies\",\"isPartOf\":{\"@id\":\"https:\\\/\\\/www.brockhaus-technologies.com\\\/de\\\/#website\"},\"primaryImageOfPage\":{\"@id\":\"https:\\\/\\\/www.brockhaus-technologies.com\\\/de\\\/baden-wurttemberg-dienstrader-fur-tarifgebundene-metall-und-elektrobetriebe\\\/#primaryimage\"},\"image\":{\"@id\":\"https:\\\/\\\/www.brockhaus-technologies.com\\\/de\\\/baden-wurttemberg-dienstrader-fur-tarifgebundene-metall-und-elektrobetriebe\\\/#primaryimage\"},\"thumbnailUrl\":\"https:\\\/\\\/www.brockhaus-technologies.com\\\/wp-content\\\/uploads\\\/2022\\\/08\\\/bikeleasing.jpg\",\"datePublished\":\"2022-08-15T03:00:22+00:00\",\"dateModified\":\"2022-08-17T21:23:56+00:00\",\"author\":{\"@id\":\"https:\\\/\\\/www.brockhaus-technologies.com\\\/de\\\/#\\\/schema\\\/person\\\/6458af00a350edd208e742fccefc8007\"},\"breadcrumb\":{\"@id\":\"https:\\\/\\\/www.brockhaus-technologies.com\\\/de\\\/baden-wurttemberg-dienstrader-fur-tarifgebundene-metall-und-elektrobetriebe\\\/#breadcrumb\"},\"inLanguage\":\"de\",\"potentialAction\":[{\"@type\":\"ReadAction\",\"target\":[\"https:\\\/\\\/www.brockhaus-technologies.com\\\/de\\\/baden-wurttemberg-dienstrader-fur-tarifgebundene-metall-und-elektrobetriebe\\\/\"]}]},{\"@type\":\"ImageObject\",\"inLanguage\":\"de\",\"@id\":\"https:\\\/\\\/www.brockhaus-technologies.com\\\/de\\\/baden-wurttemberg-dienstrader-fur-tarifgebundene-metall-und-elektrobetriebe\\\/#primaryimage\",\"url\":\"https:\\\/\\\/www.brockhaus-technologies.com\\\/wp-content\\\/uploads\\\/2022\\\/08\\\/bikeleasing.jpg\",\"contentUrl\":\"https:\\\/\\\/www.brockhaus-technologies.com\\\/wp-content\\\/uploads\\\/2022\\\/08\\\/bikeleasing.jpg\",\"width\":1000,\"height\":350},{\"@type\":\"BreadcrumbList\",\"@id\":\"https:\\\/\\\/www.brockhaus-technologies.com\\\/de\\\/baden-wurttemberg-dienstrader-fur-tarifgebundene-metall-und-elektrobetriebe\\\/#breadcrumb\",\"itemListElement\":[{\"@type\":\"ListItem\",\"position\":1,\"name\":\"Startseite\",\"item\":\"https:\\\/\\\/www.brockhaus-technologies.com\\\/de\\\/\"},{\"@type\":\"ListItem\",\"position\":2,\"name\":\"Dienstr\u00e4der f\u00fcr tarifgebundene Metall- und Elektrobetriebe\"}]},{\"@type\":\"WebSite\",\"@id\":\"https:\\\/\\\/www.brockhaus-technologies.com\\\/de\\\/#website\",\"url\":\"https:\\\/\\\/www.brockhaus-technologies.com\\\/de\\\/\",\"name\":\"Brockhaus Technologies\",\"description\":\"Wir akquirieren Innovations- und Technologief\u00fchrer aus dem deutschen Mittelstand\",\"potentialAction\":[{\"@type\":\"SearchAction\",\"target\":{\"@type\":\"EntryPoint\",\"urlTemplate\":\"https:\\\/\\\/www.brockhaus-technologies.com\\\/de\\\/?s={search_term_string}\"},\"query-input\":{\"@type\":\"PropertyValueSpecification\",\"valueRequired\":true,\"valueName\":\"search_term_string\"}}],\"inLanguage\":\"de\"},{\"@type\":\"Person\",\"@id\":\"https:\\\/\\\/www.brockhaus-technologies.com\\\/de\\\/#\\\/schema\\\/person\\\/6458af00a350edd208e742fccefc8007\",\"name\":\"Uli\",\"image\":{\"@type\":\"ImageObject\",\"inLanguage\":\"de\",\"@id\":\"https:\\\/\\\/secure.gravatar.com\\\/avatar\\\/dfae54b791ebd7e1c4f38f143ae95cf1ea9e9763d656754de1fb0a0d1bb0ec84?s=96&d=mm&r=g\",\"url\":\"https:\\\/\\\/secure.gravatar.com\\\/avatar\\\/dfae54b791ebd7e1c4f38f143ae95cf1ea9e9763d656754de1fb0a0d1bb0ec84?s=96&d=mm&r=g\",\"contentUrl\":\"https:\\\/\\\/secure.gravatar.com\\\/avatar\\\/dfae54b791ebd7e1c4f38f143ae95cf1ea9e9763d656754de1fb0a0d1bb0ec84?s=96&d=mm&r=g\",\"caption\":\"Uli\"},\"url\":\"https:\\\/\\\/www.brockhaus-technologies.com\\\/de\\\/author\\\/uli\\\/\"}]}<\/script>\n<!-- \/ Yoast SEO plugin. -->","yoast_head_json":{"title":"Dienstr\u00e4der f\u00fcr tarifgebundene Metall- und Elektrobetriebe - Brockhaus Technologies","robots":{"index":"index","follow":"follow","max-snippet":"max-snippet:-1","max-image-preview":"max-image-preview:large","max-video-preview":"max-video-preview:-1"},"canonical":"https:\/\/www.brockhaus-technologies.com\/de\/baden-wurttemberg-dienstrader-fur-tarifgebundene-metall-und-elektrobetriebe\/","og_locale":"de_DE","og_type":"article","og_title":"Dienstr\u00e4der f\u00fcr tarifgebundene Metall- und Elektrobetriebe - Brockhaus Technologies","og_description":"Neuer Durchbruch f\u00fcr gesunde und nachhaltige Mobilit\u00e4t: Seit dem 1. Mai 2022 d\u00fcrfen in Baden-W\u00fcrttemberg auch tarifgebundene Metall- und Elektrobetriebe ihren Besch\u00e4ftigten Dienstrad-Leasing per Gehaltsumwandlung anbieten. M\u00f6glich macht das ein entsprechender Tarifvertrag zwischen IG Metall und dem Verband der Metall- und Elektroindustrie Baden-W\u00fcrttemberg e. V. (S\u00fcdwestmetall). Seit dem 16. Juli 2022 k\u00f6nnen auch viele tarifgebundene [&hellip;]","og_url":"https:\/\/www.brockhaus-technologies.com\/de\/baden-wurttemberg-dienstrader-fur-tarifgebundene-metall-und-elektrobetriebe\/","og_site_name":"Brockhaus Technologies","article_published_time":"2022-08-15T03:00:22+00:00","article_modified_time":"2022-08-17T21:23:56+00:00","og_image":[{"width":1000,"height":350,"url":"https:\/\/www.brockhaus-technologies.com\/wp-content\/uploads\/2022\/08\/bikeleasing.jpg","type":"image\/jpeg"}],"author":"Uli","twitter_card":"summary_large_image","twitter_misc":{"Verfasst von":"Uli","Gesch\u00e4tzte Lesezeit":"2\u00a0Minuten"},"schema":{"@context":"https:\/\/schema.org","@graph":[{"@type":"Article","@id":"https:\/\/www.brockhaus-technologies.com\/de\/baden-wurttemberg-dienstrader-fur-tarifgebundene-metall-und-elektrobetriebe\/#article","isPartOf":{"@id":"https:\/\/www.brockhaus-technologies.com\/de\/baden-wurttemberg-dienstrader-fur-tarifgebundene-metall-und-elektrobetriebe\/"},"author":{"name":"Uli","@id":"https:\/\/www.brockhaus-technologies.com\/de\/#\/schema\/person\/6458af00a350edd208e742fccefc8007"},"headline":"Dienstr\u00e4der f\u00fcr tarifgebundene Metall- und Elektrobetriebe","datePublished":"2022-08-15T03:00:22+00:00","dateModified":"2022-08-17T21:23:56+00:00","mainEntityOfPage":{"@id":"https:\/\/www.brockhaus-technologies.com\/de\/baden-wurttemberg-dienstrader-fur-tarifgebundene-metall-und-elektrobetriebe\/"},"wordCount":397,"image":{"@id":"https:\/\/www.brockhaus-technologies.com\/de\/baden-wurttemberg-dienstrader-fur-tarifgebundene-metall-und-elektrobetriebe\/#primaryimage"},"thumbnailUrl":"https:\/\/www.brockhaus-technologies.com\/wp-content\/uploads\/2022\/08\/bikeleasing.jpg","articleSection":["Bikeleasing"],"inLanguage":"de"},{"@type":"WebPage","@id":"https:\/\/www.brockhaus-technologies.com\/de\/baden-wurttemberg-dienstrader-fur-tarifgebundene-metall-und-elektrobetriebe\/","url":"https:\/\/www.brockhaus-technologies.com\/de\/baden-wurttemberg-dienstrader-fur-tarifgebundene-metall-und-elektrobetriebe\/","name":"Dienstr\u00e4der f\u00fcr tarifgebundene Metall- und Elektrobetriebe - Brockhaus Technologies","isPartOf":{"@id":"https:\/\/www.brockhaus-technologies.com\/de\/#website"},"primaryImageOfPage":{"@id":"https:\/\/www.brockhaus-technologies.com\/de\/baden-wurttemberg-dienstrader-fur-tarifgebundene-metall-und-elektrobetriebe\/#primaryimage"},"image":{"@id":"https:\/\/www.brockhaus-technologies.com\/de\/baden-wurttemberg-dienstrader-fur-tarifgebundene-metall-und-elektrobetriebe\/#primaryimage"},"thumbnailUrl":"https:\/\/www.brockhaus-technologies.com\/wp-content\/uploads\/2022\/08\/bikeleasing.jpg","datePublished":"2022-08-15T03:00:22+00:00","dateModified":"2022-08-17T21:23:56+00:00","author":{"@id":"https:\/\/www.brockhaus-technologies.com\/de\/#\/schema\/person\/6458af00a350edd208e742fccefc8007"},"breadcrumb":{"@id":"https:\/\/www.brockhaus-technologies.com\/de\/baden-wurttemberg-dienstrader-fur-tarifgebundene-metall-und-elektrobetriebe\/#breadcrumb"},"inLanguage":"de","potentialAction":[{"@type":"ReadAction","target":["https:\/\/www.brockhaus-technologies.com\/de\/baden-wurttemberg-dienstrader-fur-tarifgebundene-metall-und-elektrobetriebe\/"]}]},{"@type":"ImageObject","inLanguage":"de","@id":"https:\/\/www.brockhaus-technologies.com\/de\/baden-wurttemberg-dienstrader-fur-tarifgebundene-metall-und-elektrobetriebe\/#primaryimage","url":"https:\/\/www.brockhaus-technologies.com\/wp-content\/uploads\/2022\/08\/bikeleasing.jpg","contentUrl":"https:\/\/www.brockhaus-technologies.com\/wp-content\/uploads\/2022\/08\/bikeleasing.jpg","width":1000,"height":350},{"@type":"BreadcrumbList","@id":"https:\/\/www.brockhaus-technologies.com\/de\/baden-wurttemberg-dienstrader-fur-tarifgebundene-metall-und-elektrobetriebe\/#breadcrumb","itemListElement":[{"@type":"ListItem","position":1,"name":"Startseite","item":"https:\/\/www.brockhaus-technologies.com\/de\/"},{"@type":"ListItem","position":2,"name":"Dienstr\u00e4der f\u00fcr tarifgebundene Metall- und Elektrobetriebe"}]},{"@type":"WebSite","@id":"https:\/\/www.brockhaus-technologies.com\/de\/#website","url":"https:\/\/www.brockhaus-technologies.com\/de\/","name":"Brockhaus Technologies","description":"Wir akquirieren Innovations- und Technologief\u00fchrer aus dem deutschen Mittelstand","potentialAction":[{"@type":"SearchAction","target":{"@type":"EntryPoint","urlTemplate":"https:\/\/www.brockhaus-technologies.com\/de\/?s={search_term_string}"},"query-input":{"@type":"PropertyValueSpecification","valueRequired":true,"valueName":"search_term_string"}}],"inLanguage":"de"},{"@type":"Person","@id":"https:\/\/www.brockhaus-technologies.com\/de\/#\/schema\/person\/6458af00a350edd208e742fccefc8007","name":"Uli","image":{"@type":"ImageObject","inLanguage":"de","@id":"https:\/\/secure.gravatar.com\/avatar\/dfae54b791ebd7e1c4f38f143ae95cf1ea9e9763d656754de1fb0a0d1bb0ec84?s=96&d=mm&r=g","url":"https:\/\/secure.gravatar.com\/avatar\/dfae54b791ebd7e1c4f38f143ae95cf1ea9e9763d656754de1fb0a0d1bb0ec84?s=96&d=mm&r=g","contentUrl":"https:\/\/secure.gravatar.com\/avatar\/dfae54b791ebd7e1c4f38f143ae95cf1ea9e9763d656754de1fb0a0d1bb0ec84?s=96&d=mm&r=g","caption":"Uli"},"url":"https:\/\/www.brockhaus-technologies.com\/de\/author\/uli\/"}]}},"_links":{"self":[{"href":"https:\/\/www.brockhaus-technologies.com\/de\/wp-json\/wp\/v2\/posts\/13762","targetHints":{"allow":["GET"]}}],"collection":[{"href":"https:\/\/www.brockhaus-technologies.com\/de\/wp-json\/wp\/v2\/posts"}],"about":[{"href":"https:\/\/www.brockhaus-technologies.com\/de\/wp-json\/wp\/v2\/types\/post"}],"author":[{"embeddable":true,"href":"https:\/\/www.brockhaus-technologies.com\/de\/wp-json\/wp\/v2\/users\/2"}],"replies":[{"embeddable":true,"href":"https:\/\/www.brockhaus-technologies.com\/de\/wp-json\/wp\/v2\/comments?post=13762"}],"version-history":[{"count":3,"href":"https:\/\/www.brockhaus-technologies.com\/de\/wp-json\/wp\/v2\/posts\/13762\/revisions"}],"predecessor-version":[{"id":14011,"href":"https:\/\/www.brockhaus-technologies.com\/de\/wp-json\/wp\/v2\/posts\/13762\/revisions\/14011"}],"wp:featuredmedia":[{"embeddable":true,"href":"https:\/\/www.brockhaus-technologies.com\/de\/wp-json\/wp\/v2\/media\/13765"}],"wp:attachment":[{"href":"https:\/\/www.brockhaus-technologies.com\/de\/wp-json\/wp\/v2\/media?parent=13762"}],"wp:term":[{"taxonomy":"category","embeddable":true,"href":"https:\/\/www.brockhaus-technologies.com\/de\/wp-json\/wp\/v2\/categories?post=13762"},{"taxonomy":"post_tag","embeddable":true,"href":"https:\/\/www.brockhaus-technologies.com\/de\/wp-json\/wp\/v2\/tags?post=13762"}],"curies":[{"name":"wp","href":"https:\/\/api.w.org\/{rel}","templated":true}]}}